{"id":12679,"date":"2026-04-28T12:22:20","date_gmt":"2026-04-28T12:22:20","guid":{"rendered":"https:\/\/nightoffortresses.org\/manifestacija-night-of-fortresses-goes-green-i-gifts-mreza-predstavljeni-na-forte-cultura-kongresu-u-spaniji\/"},"modified":"2026-04-28T12:22:20","modified_gmt":"2026-04-28T12:22:20","slug":"manifestacija-night-of-fortresses-goes-green-i-gifts-mreza-predstavljeni-na-forte-cultura-kongresu-u-spaniji","status":"publish","type":"post","link":"https:\/\/nightoffortresses.org\/bs\/manifestacija-night-of-fortresses-goes-green-i-gifts-mreza-predstavljeni-na-forte-cultura-kongresu-u-spaniji\/","title":{"rendered":"Manifestacija \u201eNight of Fortresses Goes Green\u201d i GIFTS mre\u017ea predstavljeni na FORTE CULTURA kongresu u \u0160paniji"},"content":{"rendered":"<p>Tvr\u0111ava kulture \u0160ibenik sudjelovala je na kongresu europske mre\u017ee FORTE CULTURA pod nazivom <em>\u201cFrom C\u00e1diz to Europe: Fortifications and Sustainable Tourism\u201d<\/em>, odr\u017eanom od 21. do 24. travnja 2026. godine u La L\u00ednei de la Concepci\u00f3n u \u0160panjolskoj.<\/p>\n<p><img fetchpriority=\"high\" decoding=\"async\" class=\"alignnone wp-image-12611 size-full\" src=\"https:\/\/nightoffortresses.org\/wp-content\/uploads\/2026\/04\/1777036025853.jpg\" alt=\"\" width=\"800\" height=\"533\" srcset=\"https:\/\/nightoffortresses.org\/wp-content\/uploads\/2026\/04\/1777036025853.jpg 800w, https:\/\/nightoffortresses.org\/wp-content\/uploads\/2026\/04\/1777036025853-300x200.jpg 300w, https:\/\/nightoffortresses.org\/wp-content\/uploads\/2026\/04\/1777036025853-768x512.jpg 768w\" sizes=\"(max-width: 800px) 100vw, 800px\" \/><\/p>\n<p>FORTE CULTURA europska je mre\u017ea fortifikacijskih lokaliteta koja povezuje tvr\u0111ave, povijesne obrambene sustave i institucije posve\u0107ene za\u0161titi, valorizaciji i odr\u017eivom upravljanju fortifikacijskom ba\u0161tinom. Tvr\u0111ava kulture \u0160ibenik njezin je aktivni sudionik od 2019. godine. Cilj mre\u017ee je poticanje me\u0111unarodne suradnje, razmjena znanja i razvoj odr\u017eivog kulturnog turizma kroz zajedni\u010dke projekte i inicijative.<\/p>\n<p>Kongres je okupio upravitelje tvr\u0111ava, predstavnike javnih ustanova, stru\u010dnjake za kulturnu ba\u0161tinu, istra\u017eiva\u010de i \u010dlanove me\u0111unarodnih mre\u017ea koji zajedni\u010dki rade na o\u010duvanju i odr\u017eivom upravljanju fortifikacijskom ba\u0161tinom. Poseban naglasak stavljen je na razmjenu iskustava, primjere dobre prakse i razvoj novih modela suradnje me\u0111u europskim lokalitetima.<\/p>\n<p>U sklopu projekta GIFTSnet, koji se provodi kroz program Interreg IPA Hrvatska \u2013 Bosna i Hercegovina \u2013 Crna Gora 2021.\u20132027., Tvr\u0111ava kulture \u0160ibenik predstavila je manifestaciju Night of Fortresses Goes Green kao primjer uspje\u0161nog povezivanja kulturne ba\u0161tine, odr\u017eivog turizma i aktivnog uklju\u010divanja lokalne zajednice.<\/p>\n<p>Manifestaciju je predstavila \u0110ur\u0111a Vrljevi\u0107 \u0160ari\u0107, voditeljica Odjela za me\u0111unarodnu suradnju i projekte Tvr\u0111ave kulture \u0160ibenik, naglasiv\u0161i koliko je va\u017eno povezivanje fortifikacijskih lokaliteta i zajedni\u010dko stvaranje programa koji kulturnu ba\u0161tinu pribli\u017eavaju ljudima.<\/p>\n<p><img decoding=\"async\" class=\"alignnone wp-image-12615 size-large\" src=\"https:\/\/nightoffortresses.org\/wp-content\/uploads\/2026\/04\/WhatsApp-Image-2026-04-22-at-19.35.15-1-1024x768.jpeg\" alt=\"\" width=\"800\" height=\"600\" srcset=\"https:\/\/nightoffortresses.org\/wp-content\/uploads\/2026\/04\/WhatsApp-Image-2026-04-22-at-19.35.15-1-1024x768.jpeg 1024w, https:\/\/nightoffortresses.org\/wp-content\/uploads\/2026\/04\/WhatsApp-Image-2026-04-22-at-19.35.15-1-300x225.jpeg 300w, https:\/\/nightoffortresses.org\/wp-content\/uploads\/2026\/04\/WhatsApp-Image-2026-04-22-at-19.35.15-1-768x576.jpeg 768w, https:\/\/nightoffortresses.org\/wp-content\/uploads\/2026\/04\/WhatsApp-Image-2026-04-22-at-19.35.15-1-1536x1152.jpeg 1536w, https:\/\/nightoffortresses.org\/wp-content\/uploads\/2026\/04\/WhatsApp-Image-2026-04-22-at-19.35.15-1.jpeg 1600w\" sizes=\"(max-width: 800px) 100vw, 800px\" \/><\/p>\n<p>Tijekom kongresa najavljeno je i peto izdanje manifestacije No\u0107 tvr\u0111ava koje \u0107e se odr\u017eati 8. i 9. svibnja 2026. godine, a europski lokaliteti pozvani su da se pridru\u017ee ovoj inicijativi koja promi\u010de odr\u017eivi turizam, o\u010duvanje kulturne ba\u0161tine i aktivno sudjelovanje zajednice.<\/p>\n<p><img decoding=\"async\" class=\"alignnone wp-image-12619 size-large\" src=\"https:\/\/nightoffortresses.org\/wp-content\/uploads\/2026\/04\/Nof-Interreg-2026-02-1024x373.png\" alt=\"\" width=\"800\" height=\"291\" srcset=\"https:\/\/nightoffortresses.org\/wp-content\/uploads\/2026\/04\/Nof-Interreg-2026-02-1024x373.png 1024w, https:\/\/nightoffortresses.org\/wp-content\/uploads\/2026\/04\/Nof-Interreg-2026-02-300x109.png 300w, https:\/\/nightoffortresses.org\/wp-content\/uploads\/2026\/04\/Nof-Interreg-2026-02-768x280.png 768w, https:\/\/nightoffortresses.org\/wp-content\/uploads\/2026\/04\/Nof-Interreg-2026-02-1536x560.png 1536w, https:\/\/nightoffortresses.org\/wp-content\/uploads\/2026\/04\/Nof-Interreg-2026-02.png 1920w\" sizes=\"(max-width: 800px) 100vw, 800px\" \/><\/p>\n<p>Predstavljen je i razvoj GIFTS mre\u017ee, usmjerene na razmjenu znanja, ja\u010danje suradnje me\u0111u partnerima i razvoj odr\u017eivih modela upravljanja fortifikacijskom ba\u0161tinom. Mre\u017ea okuplja partnere iz Hrvatske, Bosne i Hercegovine i Crne Gore s ciljem zajedni\u010dkog razvoja kulturnog turizma i sna\u017enijeg me\u0111unarodnog povezivanja.<\/p>\n<p>Projekt GIFTSnet financira se kroz program Interreg VI-A IPA Hrvatska \u2013 Bosna i Hercegovina \u2013 Crna Gora 2021.\u20132027. te traje 30 mjeseci. Uz Tvr\u0111avu kulture \u0160ibenik kao vode\u0107eg partnera, projekt provode Grad Karlovac, Grad Banja Luka, Muzej Hercegovine Trebinje, Op\u0107ina Bar i Op\u0107ina Ulcinj.<\/p>\n<p>Projekt je usmjeren na ja\u010danje odr\u017eivog i uklju\u010divog razvoja kulturnog turizma kroz unapre\u0111enje upravljanja fortifikacijskom ba\u0161tinom, razmjenu znanja me\u0111u partnerima te razvoj zajedni\u010dkih modela suradnje na me\u0111unarodnoj razini. Kroz GIFTSnet dodatno se razvija i me\u0111unarodna mre\u017ea fortifikacijskih lokaliteta, s ciljem dugoro\u010dnog povezivanja kulturne ba\u0161tine, lokalne zajednice i odr\u017eivog turisti\u010dkog razvoja.<\/p>\n<p><em>Ova objava proizvedena je uz pomo\u0107 Europske unije. Sadr\u017eaj ove objave isklju\u010diva je odgovornost JUK Tvr\u0111ava kulture \u0160ibenik i ni na koji na\u010din ne odra\u017eava stavove Europske unije.<\/em><\/p>\n","protected":false},"excerpt":{"rendered":"<p>Tvr\u0111ava kulture \u0160ibenik sudjelovala je na kongresu europske mre\u017ee FORTE CULTURA pod nazivom \u201cFrom C\u00e1diz to Europe: Fortifications and Sustainable Tourism\u201d, odr\u017eanom od 21. do 24. travnja 2026. godine u La L\u00ednei de la Concepci\u00f3n u \u0160panjolskoj. FORTE CULTURA europska je mre\u017ea fortifikacijskih lokaliteta koja povezuje tvr\u0111ave, povijesne obrambene sustave i institucije posve\u0107ene za\u0161titi, valorizaciji [&hellip;]<\/p>\n","protected":false},"author":1,"featured_media":12612,"comment_status":"closed","ping_status":"closed","sticky":false,"template":"","format":"standard","meta":{"_acf_changed":false,"om_disable_all_campaigns":false,"inline_featured_image":false,"_monsterinsights_skip_tracking":false,"_monsterinsights_sitenote_active":false,"_monsterinsights_sitenote_note":"","_monsterinsights_sitenote_category":0,"footnotes":""},"categories":[14],"tags":[],"class_list":["post-12679","post","type-post","status-publish","format-standard","has-post-thumbnail","hentry","category-news-bs"],"acf":[],"aioseo_notices":[],"_links":{"self":[{"href":"https:\/\/nightoffortresses.org\/bs\/wp-json\/wp\/v2\/posts\/12679","targetHints":{"allow":["GET"]}}],"collection":[{"href":"https:\/\/nightoffortresses.org\/bs\/wp-json\/wp\/v2\/posts"}],"about":[{"href":"https:\/\/nightoffortresses.org\/bs\/wp-json\/wp\/v2\/types\/post"}],"author":[{"embeddable":true,"href":"https:\/\/nightoffortresses.org\/bs\/wp-json\/wp\/v2\/users\/1"}],"replies":[{"embeddable":true,"href":"https:\/\/nightoffortresses.org\/bs\/wp-json\/wp\/v2\/comments?post=12679"}],"version-history":[{"count":0,"href":"https:\/\/nightoffortresses.org\/bs\/wp-json\/wp\/v2\/posts\/12679\/revisions"}],"wp:featuredmedia":[{"embeddable":true,"href":"https:\/\/nightoffortresses.org\/bs\/wp-json\/wp\/v2\/media\/12612"}],"wp:attachment":[{"href":"https:\/\/nightoffortresses.org\/bs\/wp-json\/wp\/v2\/media?parent=12679"}],"wp:term":[{"taxonomy":"category","embeddable":true,"href":"https:\/\/nightoffortresses.org\/bs\/wp-json\/wp\/v2\/categories?post=12679"},{"taxonomy":"post_tag","embeddable":true,"href":"https:\/\/nightoffortresses.org\/bs\/wp-json\/wp\/v2\/tags?post=12679"}],"curies":[{"name":"wp","href":"https:\/\/api.w.org\/{rel}","templated":true}]}}