{"id":1066,"date":"2022-03-30T15:42:43","date_gmt":"2022-03-30T15:42:43","guid":{"rendered":"https:\/\/nightoffortresses.org\/?p=1066"},"modified":"2022-04-11T16:26:58","modified_gmt":"2022-04-11T16:26:58","slug":"hr-vrgorac-gradina","status":"publish","type":"post","link":"https:\/\/nightoffortresses.org\/en\/hr-vrgorac-gradina\/","title":{"rendered":"HR, Vrgorac, Gradina"},"content":{"rendered":"\t\t<div data-elementor-type=\"wp-post\" data-elementor-id=\"1066\" class=\"elementor elementor-1066\" data-elementor-settings=\"{&quot;ha_cmc_init_switcher&quot;:&quot;no&quot;}\" data-elementor-post-type=\"post\">\n\t\t\t\t\t\t<section class=\"elementor-section elementor-top-section elementor-element elementor-element-724e4351 elementor-section-boxed elementor-section-height-default elementor-section-height-default\" data-id=\"724e4351\" data-element_type=\"section\" data-settings=\"{&quot;_ha_eqh_enable&quot;:false}\">\n\t\t\t\t\t\t<div class=\"elementor-container elementor-column-gap-default\">\n\t\t\t\t\t<div class=\"elementor-column elementor-col-100 elementor-top-column elementor-element elementor-element-4ec53f2a\" data-id=\"4ec53f2a\" data-element_type=\"column\">\n\t\t\t<div class=\"elementor-widget-wrap elementor-element-populated\">\n\t\t\t\t\t\t<div class=\"elementor-element elementor-element-32cc49c5 elementor-widget elementor-widget-text-editor\" data-id=\"32cc49c5\" data-element_type=\"widget\" data-widget_type=\"text-editor.default\">\n\t\t\t\t<div class=\"elementor-widget-container\">\n\t\t\t\t\t\t\t\t\t<p><strong>Vrgorac, Gradina,<\/strong><\/p><p>April 29, 10:00 am, atrium of the Elementary School &#8220;Vrgorac&#8221; in Vrgorac, opening of the exhibition of student art works on the theme &#8220;My Gradina&#8221;, proclamation of the best works and presentation of awards.<br \/>Activity leader: Adriana Turi\u0107 Erceg<br \/>Coordinators: Silvija Prusina, Ivana \u0106u\u017ee and Ivana Beus<\/p><p>April 29, 12:00, High School &#8220;Tin Ujevi\u0107&#8221; in Vrgorac, a lecture on the history of Gradina for high school students.<br \/>Activity leader and lecturer: Branko Radoni\u0107<br \/>Coordinator: Matea Mihaljevi\u0107<\/p><p>April 29, 17:00, open-air lecture on the history of Gradina, departure in front of the premises of the Society of Friends of Vrgorac Antiquities in Vrgorac, walk and tour of Gradina.<br \/>Activity leader and lecturer: Branko Radoni\u0107 Coordinator \u017deljka Opa\u010dak<\/p><p>\u00a0<\/p><p>Organizer: Society of Friends of Vrgor Antiquities<\/p><p><a href=\"https:\/\/vrgorskestarine.hr\/%20%20%0d%20\">https:\/\/vrgorskestarine.hr\/\u00a0 <\/a><\/p><p><a href=\"https:\/\/vrgorskestarine.hr\/%20%20%0d%20\">\u00a0<\/a><a href=\"https:\/\/web.facebook.com\/vrgorske.starine\">https:\/\/web.facebook.com\/vrgorske.starine<\/a><\/p>\t\t\t\t\t\t\t\t<\/div>\n\t\t\t\t<\/div>\n\t\t\t\t\t<\/div>\n\t\t<\/div>\n\t\t\t\t\t<\/div>\n\t\t<\/section>\n\t\t\t\t<section class=\"elementor-section elementor-top-section elementor-element elementor-element-b14d396 elementor-section-boxed elementor-section-height-default elementor-section-height-default\" data-id=\"b14d396\" data-element_type=\"section\" data-settings=\"{&quot;_ha_eqh_enable&quot;:false}\">\n\t\t\t\t\t\t<div class=\"elementor-container elementor-column-gap-default\">\n\t\t\t\t\t<div class=\"elementor-column elementor-col-100 elementor-top-column elementor-element elementor-element-d001d55\" data-id=\"d001d55\" data-element_type=\"column\">\n\t\t\t<div class=\"elementor-widget-wrap elementor-element-populated\">\n\t\t\t\t\t\t<div class=\"elementor-element elementor-element-5312148 elementor-widget elementor-widget-gallery\" data-id=\"5312148\" data-element_type=\"widget\" data-settings=\"{&quot;columns&quot;:3,&quot;lazyload&quot;:&quot;yes&quot;,&quot;gallery_layout&quot;:&quot;grid&quot;,&quot;columns_tablet&quot;:2,&quot;columns_mobile&quot;:1,&quot;gap&quot;:{&quot;unit&quot;:&quot;px&quot;,&quot;size&quot;:10,&quot;sizes&quot;:[]},&quot;gap_tablet&quot;:{&quot;unit&quot;:&quot;px&quot;,&quot;size&quot;:10,&quot;sizes&quot;:[]},&quot;gap_mobile&quot;:{&quot;unit&quot;:&quot;px&quot;,&quot;size&quot;:10,&quot;sizes&quot;:[]},&quot;link_to&quot;:&quot;file&quot;,&quot;aspect_ratio&quot;:&quot;3:2&quot;,&quot;overlay_background&quot;:&quot;yes&quot;,&quot;content_hover_animation&quot;:&quot;fade-in&quot;}\" data-widget_type=\"gallery.default\">\n\t\t\t\t<div class=\"elementor-widget-container\">\n\t\t\t\t\t\t\t<div class=\"elementor-gallery__container\">\n\t\t\t\t\t\t\t<a class=\"e-gallery-item elementor-gallery-item elementor-animated-content\" href=\"https:\/\/nightoffortresses.org\/wp-content\/uploads\/2022\/03\/Gradina-Vrgorac-1.jpg\" data-elementor-open-lightbox=\"yes\" data-elementor-lightbox-slideshow=\"5312148\" data-elementor-lightbox-title=\"Gradina, Vrgorac (1)\" data-e-action-hash=\"#elementor-action%3Aaction%3Dlightbox%26settings%3DeyJpZCI6MTA2OSwidXJsIjoiaHR0cHM6XC9cL25pZ2h0b2Zmb3J0cmVzc2VzLm9yZ1wvd3AtY29udGVudFwvdXBsb2Fkc1wvMjAyMlwvMDNcL0dyYWRpbmEtVnJnb3JhYy0xLmpwZyIsInNsaWRlc2hvdyI6IjUzMTIxNDgifQ%3D%3D\">\n\t\t\t\t\t<div class=\"e-gallery-image elementor-gallery-item__image\" data-thumbnail=\"https:\/\/nightoffortresses.org\/wp-content\/uploads\/2022\/03\/Gradina-Vrgorac-1-1024x575.jpg\" data-width=\"800\" data-height=\"449\" aria-label=\"\" role=\"img\" ><\/div>\n\t\t\t\t\t\t\t\t\t\t\t<div class=\"elementor-gallery-item__overlay\"><\/div>\n\t\t\t\t\t\t\t\t\t\t\t\t\t\t<\/a>\n\t\t\t\t\t\t\t<a class=\"e-gallery-item elementor-gallery-item elementor-animated-content\" href=\"https:\/\/nightoffortresses.org\/wp-content\/uploads\/2022\/03\/Gradina-Vrgorac-3.jpg\" data-elementor-open-lightbox=\"yes\" data-elementor-lightbox-slideshow=\"5312148\" data-elementor-lightbox-title=\"Gradina, Vrgorac (3)\" data-e-action-hash=\"#elementor-action%3Aaction%3Dlightbox%26settings%3DeyJpZCI6MTA3MCwidXJsIjoiaHR0cHM6XC9cL25pZ2h0b2Zmb3J0cmVzc2VzLm9yZ1wvd3AtY29udGVudFwvdXBsb2Fkc1wvMjAyMlwvMDNcL0dyYWRpbmEtVnJnb3JhYy0zLmpwZyIsInNsaWRlc2hvdyI6IjUzMTIxNDgifQ%3D%3D\">\n\t\t\t\t\t<div class=\"e-gallery-image elementor-gallery-item__image\" data-thumbnail=\"https:\/\/nightoffortresses.org\/wp-content\/uploads\/2022\/03\/Gradina-Vrgorac-3-1024x575.jpg\" data-width=\"800\" data-height=\"449\" aria-label=\"\" role=\"img\" ><\/div>\n\t\t\t\t\t\t\t\t\t\t\t<div class=\"elementor-gallery-item__overlay\"><\/div>\n\t\t\t\t\t\t\t\t\t\t\t\t\t\t<\/a>\n\t\t\t\t\t\t\t<a class=\"e-gallery-item elementor-gallery-item elementor-animated-content\" href=\"https:\/\/nightoffortresses.org\/wp-content\/uploads\/2022\/03\/Gradina-Vrgorac-4.jpg\" data-elementor-open-lightbox=\"yes\" data-elementor-lightbox-slideshow=\"5312148\" data-elementor-lightbox-title=\"Gradina, Vrgorac (4)\" data-e-action-hash=\"#elementor-action%3Aaction%3Dlightbox%26settings%3DeyJpZCI6MTA3MSwidXJsIjoiaHR0cHM6XC9cL25pZ2h0b2Zmb3J0cmVzc2VzLm9yZ1wvd3AtY29udGVudFwvdXBsb2Fkc1wvMjAyMlwvMDNcL0dyYWRpbmEtVnJnb3JhYy00LmpwZyIsInNsaWRlc2hvdyI6IjUzMTIxNDgifQ%3D%3D\">\n\t\t\t\t\t<div class=\"e-gallery-image elementor-gallery-item__image\" data-thumbnail=\"https:\/\/nightoffortresses.org\/wp-content\/uploads\/2022\/03\/Gradina-Vrgorac-4-1024x575.jpg\" data-width=\"800\" data-height=\"449\" aria-label=\"\" role=\"img\" ><\/div>\n\t\t\t\t\t\t\t\t\t\t\t<div class=\"elementor-gallery-item__overlay\"><\/div>\n\t\t\t\t\t\t\t\t\t\t\t\t\t\t<\/a>\n\t\t\t\t\t<\/div>\n\t\t\t\t\t<\/div>\n\t\t\t\t<\/div>\n\t\t\t\t\t<\/div>\n\t\t<\/div>\n\t\t\t\t\t<\/div>\n\t\t<\/section>\n\t\t\t\t<\/div>\n\t\t","protected":false},"excerpt":{"rendered":"<p>Vrgorac, Gradina, April 29, 10:00 am, atrium of the Elementary School &#8220;Vrgorac&#8221; in Vrgorac, opening of the exhibition of student art works on the theme &#8220;My Gradina&#8221;, proclamation of the best works and presentation of awards.Activity leader: Adriana Turi\u0107 ErcegCoordinators: Silvija Prusina, Ivana \u0106u\u017ee and Ivana Beus April 29, 12:00, High School &#8220;Tin Ujevi\u0107&#8221; in [&hellip;]<\/p>\n","protected":false},"author":1,"featured_media":1067,"comment_status":"open","ping_status":"open","sticky":false,"template":"","format":"standard","meta":{"_acf_changed":false,"om_disable_all_campaigns":false,"inline_featured_image":false,"_monsterinsights_skip_tracking":false,"_monsterinsights_sitenote_active":false,"_monsterinsights_sitenote_note":"","_monsterinsights_sitenote_category":0,"footnotes":""},"categories":[6],"tags":[],"class_list":["post-1066","post","type-post","status-publish","format-standard","has-post-thumbnail","hentry","category-participans"],"acf":[],"aioseo_notices":[],"_links":{"self":[{"href":"https:\/\/nightoffortresses.org\/en\/wp-json\/wp\/v2\/posts\/1066","targetHints":{"allow":["GET"]}}],"collection":[{"href":"https:\/\/nightoffortresses.org\/en\/wp-json\/wp\/v2\/posts"}],"about":[{"href":"https:\/\/nightoffortresses.org\/en\/wp-json\/wp\/v2\/types\/post"}],"author":[{"embeddable":true,"href":"https:\/\/nightoffortresses.org\/en\/wp-json\/wp\/v2\/users\/1"}],"replies":[{"embeddable":true,"href":"https:\/\/nightoffortresses.org\/en\/wp-json\/wp\/v2\/comments?post=1066"}],"version-history":[{"count":0,"href":"https:\/\/nightoffortresses.org\/en\/wp-json\/wp\/v2\/posts\/1066\/revisions"}],"wp:featuredmedia":[{"embeddable":true,"href":"https:\/\/nightoffortresses.org\/en\/wp-json\/wp\/v2\/media\/1067"}],"wp:attachment":[{"href":"https:\/\/nightoffortresses.org\/en\/wp-json\/wp\/v2\/media?parent=1066"}],"wp:term":[{"taxonomy":"category","embeddable":true,"href":"https:\/\/nightoffortresses.org\/en\/wp-json\/wp\/v2\/categories?post=1066"},{"taxonomy":"post_tag","embeddable":true,"href":"https:\/\/nightoffortresses.org\/en\/wp-json\/wp\/v2\/tags?post=1066"}],"curies":[{"name":"wp","href":"https:\/\/api.w.org\/{rel}","templated":true}]}}