{"id":5986,"date":"2023-11-17T19:15:18","date_gmt":"2023-11-17T19:15:18","guid":{"rendered":"https:\/\/nightoffortresses.org\/?p=5986"},"modified":"2023-11-27T13:05:57","modified_gmt":"2023-11-27T13:05:57","slug":"priopcenje","status":"publish","type":"post","link":"https:\/\/nightoffortresses.org\/hr\/priopcenje\/","title":{"rendered":"Priop\u0107enje"},"content":{"rendered":"<p><span style=\"color: #3b3b3b;\"><strong>Poznat datum tre\u0107eg izdanja manifestacije No\u0107 tvr\u0111ava!<\/strong><\/span><\/p>\n<p><span style=\"color: #3b3b3b;\"><strong>Nakon dva iznimno uspje\u0161na izdanja manifestacije No\u0107 tvr\u0111ava koja je povezala i promovirala programe na 45 fortifikacijskih lokaliteta u \u0161est europskih dr\u017eava, organizatori najavljuju tre\u0107e izdanje manifestacije koje \u0107e biti odr\u017eano u petak 10. svibnja 2024. godine!<\/strong><\/span><\/p>\n<p>Manifestacija No\u0107 tvr\u0111ava kreiranjem raznovrsnog programa uspje\u0161no oboga\u0107uje kulturno-turisti\u010dku ponudu u predsezoni te \u0161iri i ja\u010da suradnju me\u0111u gradovima i organizacijama koje upravljaju utvr\u0111enom spomeni\u010dkom ba\u0161tinom.<\/p>\n<p>Obilje\u017eavanju No\u0107i tvr\u0111ava mo\u0107i \u0107e se i ove godine priklju\u010diti svi utvr\u0111eni lokaliteti u Europi i ostale ba\u0161tinske ustanove te organizirati razli\u010dite kulturne, umjetni\u010dke, edukativne i zabavne programe za posjetitelje; bilo da je rije\u010d o izlo\u017ebama, predavanjima, radionicama, glazbenim programima, filmskim projekcijama, plesnim izvedbama, predstavama, organiziranim obilascima, danu otvorenih vrata i sli\u010dnim sadr\u017eajima.<\/p>\n<p>Cilj manifestacije je pobolj\u0161ati kulturno-turisti\u010dku ponudu u europskim gradovima s utvr\u0111enom ba\u0161tinom te podi\u0107i svijest o potencijalu i va\u017enosti valorizacije kulturne ba\u0161tine kao generatora razvoja kulturnog turizma. Za dionike u kulturi, jedinice lokalne i regionalne samouprave, turisti\u010dke zajednice i druge ustanove koje upravljaju utvr\u0111enim lokalitetima, uskoro \u0107e biti otvorene\u00a0prijave za sudjelovanje u No\u0107i tvr\u0111ava 2024. godine putem prijavnice na web stranici manifestacije <a href=\"https:\/\/nightoffortresses.org\/\">https:\/\/nightoffortresses.org\/<\/a>.<\/p>\n<p>Kvalitetu i zna\u010daj No\u0107i tvr\u0111ava kao prekograni\u010dne kulturne manifestacije koja povezuje utvr\u0111ene lokacije diljem Europe prepoznala su me\u0111unarodna udru\u017eenja <a href=\"https:\/\/www.efforts-europe.eu\/the-efforts-network\/\" target=\"_blank\" rel=\"noopener\">EFFORTS<\/a> i <a href=\"https:\/\/www.forte-cultura.eu\/en\/\" target=\"_blank\" rel=\"noopener\">FORTE CULTURA<\/a>, te se No\u0107 tvr\u0111ava promovira se na europskoj razini kao dio European Fortress Summer eventa!<\/p>\n<p>\u201cIzvrsnom organizacijom i odli\u010dnim programom me\u0111unarodna manifestacija No\u0107 tvr\u0111ava uspje\u0161no povezuje i promovira moto EFFORTS organizacije <em>Od obrambenih zidina do ra\u0161irenih ruku dobrodo\u0161lice<\/em>. Tvr\u0111ave, utvrde i ostala obrambena ba\u0161tina, sve ono \u0161to je nekad razdvajalo ljude i narode sada ih kroz manifestaciju No\u0107 tvr\u0111ava ponovo spaja. U samo dvije godine No\u0107 tvr\u0111ava izasla je u va\u017ean dio European Fortress Summer Eventa te je privukla mnogobrojne sudionike iz razli\u010ditih zemalja koji zajedni\u010dki uspje\u0161no promoviraju utvr\u0111enu spomeni\u010dku ba\u0161tinu.\u201d izjavio je Rafa\u00ebl Deroo, generalni tajnik udru\u017eenja EFFORTS (European Federation of Fortified Sites).<\/p>\n<p>No\u0107 tvr\u0111ava, kulturno-turisti\u010dka manifestacija koja se odr\u017eava na utvr\u0111enim spomenicima kulturne ba\u0161tine, prvi put je odr\u017eana 2022. godine na podru\u010dju Hrvatske, Crne Gore i Bosne i Hercegovine kao rezultat zajedni\u010dkog europskog projekta FORTITUDE. Organizatorima manifestacije Tvr\u0111avi kulture \u0160ibenik, Gradu Karlovcu, Op\u0107ini Bar i Gradu Banja Luci od ove godine priklju\u010dili su se partneri iz Grada Trebinje i Op\u0161tine Ulcinj.<\/p>\n<p>Kontakt (HR):<\/p>\n<p>JUK Tvr\u0111ava kulture \u0160ibenik: Vera Jergovi\u0107 Bolan\u010da, <a href=\"mailto:vera@tvrdjava-kulture.hr\">vera@tvrdjava-kulture.hr<\/a><\/p>\n<p>Grad Karlovac: Marinko Pleskina, <a href=\"mailto:marinko.pleskina@mgk.hr\">marinko.pleskina@mgk.hr<\/a><\/p>\n<p><strong>Organizatori manifestacije:<\/strong> Tvr\u0111ava kulture \u0160ibenik, Grad Karlovac, Op\u0107ina Bar, Grad Banja Luka, Grad Trebinje i Op\u0161tina Ulcinj.<\/p>\n","protected":false},"excerpt":{"rendered":"<p>Poznat datum tre\u0107eg izdanja manifestacije No\u0107 tvr\u0111ava! Nakon dva iznimno uspje\u0161na izdanja manifestacije No\u0107 tvr\u0111ava koja je povezala i promovirala programe na 45 fortifikacijskih lokaliteta u \u0161est europskih dr\u017eava, organizatori najavljuju tre\u0107e izdanje manifestacije koje \u0107e biti odr\u017eano u petak 10. svibnja 2024. godine! Manifestacija No\u0107 tvr\u0111ava kreiranjem raznovrsnog programa uspje\u0161no oboga\u0107uje kulturno-turisti\u010dku ponudu u [&hellip;]<\/p>\n","protected":false},"author":1,"featured_media":6018,"comment_status":"closed","ping_status":"closed","sticky":false,"template":"","format":"standard","meta":{"_acf_changed":false,"om_disable_all_campaigns":false,"inline_featured_image":false,"_monsterinsights_skip_tracking":false,"_monsterinsights_sitenote_active":false,"_monsterinsights_sitenote_note":"","_monsterinsights_sitenote_category":0,"footnotes":""},"categories":[13],"tags":[],"class_list":["post-5986","post","type-post","status-publish","format-standard","has-post-thumbnail","hentry","category-news-hr"],"acf":[],"aioseo_notices":[],"_links":{"self":[{"href":"https:\/\/nightoffortresses.org\/hr\/wp-json\/wp\/v2\/posts\/5986","targetHints":{"allow":["GET"]}}],"collection":[{"href":"https:\/\/nightoffortresses.org\/hr\/wp-json\/wp\/v2\/posts"}],"about":[{"href":"https:\/\/nightoffortresses.org\/hr\/wp-json\/wp\/v2\/types\/post"}],"author":[{"embeddable":true,"href":"https:\/\/nightoffortresses.org\/hr\/wp-json\/wp\/v2\/users\/1"}],"replies":[{"embeddable":true,"href":"https:\/\/nightoffortresses.org\/hr\/wp-json\/wp\/v2\/comments?post=5986"}],"version-history":[{"count":1,"href":"https:\/\/nightoffortresses.org\/hr\/wp-json\/wp\/v2\/posts\/5986\/revisions"}],"predecessor-version":[{"id":6861,"href":"https:\/\/nightoffortresses.org\/hr\/wp-json\/wp\/v2\/posts\/5986\/revisions\/6861"}],"wp:featuredmedia":[{"embeddable":true,"href":"https:\/\/nightoffortresses.org\/hr\/wp-json\/wp\/v2\/media\/6018"}],"wp:attachment":[{"href":"https:\/\/nightoffortresses.org\/hr\/wp-json\/wp\/v2\/media?parent=5986"}],"wp:term":[{"taxonomy":"category","embeddable":true,"href":"https:\/\/nightoffortresses.org\/hr\/wp-json\/wp\/v2\/categories?post=5986"},{"taxonomy":"post_tag","embeddable":true,"href":"https:\/\/nightoffortresses.org\/hr\/wp-json\/wp\/v2\/tags?post=5986"}],"curies":[{"name":"wp","href":"https:\/\/api.w.org\/{rel}","templated":true}]}}